{"id":12002,"date":"2026-08-31T09:59:31","date_gmt":"2026-08-31T07:59:31","guid":{"rendered":"https:\/\/www.setram.com\/?p=12002"},"modified":"2026-08-31T10:00:39","modified_gmt":"2026-08-31T08:00:39","slug":"seis-de-cada-diez-coches-de-segunda-mano-superan-los-15-anos-de-antiguedad","status":"publish","type":"post","link":"https:\/\/www.setram.com\/en\/seis-de-cada-diez-coches-de-segunda-mano-superan-los-15-anos-de-antiguedad\/","title":{"rendered":"Seis de cada diez coches de segunda mano superan los 15 a\u00f1os de antig\u00fcedad"},"content":{"rendered":"\n<p><strong>Barcelona, 31 de agosto de 2026.-<\/strong>  El\u00a0<strong>mercado de veh\u00edculos de ocasi\u00f3n<\/strong>\u00a0en Espa\u00f1a destaca por la elevada veteran\u00eda de su oferta. Seg\u00fan un estudio de\u00a0<a href=\"https:\/\/www.carfax.eu\/es?utm_source=google&amp;utm_medium=cpc&amp;utm_campaign=23169409436&amp;utm_term=carfax&amp;utm_content=g&amp;gad_source=1&amp;gad_campaignid=23169409436&amp;gbraid=0AAAAADRCMV_fzy7dziU6J2ylgyjrWT1Gt&amp;gclid=CjwKCAjwwL_UBhAjEiwAEhuT5GZ37EGTq4VU-x72i1SkxZEjs2uas1BumABhAQjktI7RjRTbHdDyZhoCcHwQAvD_BwE\" target=\"_blank\" rel=\"noreferrer noopener\"><strong>CARFAX<\/strong><\/a><strong>\u00a0<\/strong>elaborado sobre cerca de cinco millones de coches correspondientes a los modelos m\u00e1s vendidos en el primer semestre de 2026, el\u00a0<strong>61% de los autom\u00f3viles usados transferidos supera los 15 a\u00f1os de antig\u00fcedad<\/strong>, diez puntos por encima de la media del parque automovil\u00edstico nacional (51%).<\/p>\n\n\n\n<p>Los veh\u00edculos de ocasi\u00f3n m\u00e1s comercializados registran un uso acumulado y una rotaci\u00f3n de titulares superior a la del parque espa\u00f1ol. La edad media alcanza los&nbsp;<strong>16,32 a\u00f1os<\/strong>&nbsp;(frente a los 14,95 a\u00f1os de la media nacional) y el kilometraje medio suma&nbsp;<strong>188.979 kil\u00f3metros<\/strong>, lo que supone casi 13.000 km adicionales respecto al promedio en Espa\u00f1a (176.270 km).&nbsp;<\/p>\n\n\n\n<p>Asimismo, \u00fanicamente el&nbsp;<strong>36% ha tenido un solo propietario<\/strong>&nbsp;(frente al 44% del parque total), registrando un promedio de 2,9 titulares por veh\u00edculo. En cuanto a su historial t\u00e9cnico, el&nbsp;<strong>45% presenta antecedentes de da\u00f1os<\/strong>&nbsp;y un&nbsp;<strong>56% registra alg\u00fan indicador de riesgo<\/strong>&nbsp;en su expediente.<\/p>\n\n\n\n<h3 class=\"wp-block-heading\">Seat y Volkswagen lideran las ventas&nbsp;<\/h3>\n\n\n\n<p>Por marcas, Seat encabeza las operaciones con el 28% del total de unidades transferidas, seguida por Volkswagen (16%), Renault (12%), Ford (11%) y Opel (10%).<\/p>\n\n\n\n<p>En el desglose por modelos concretos, cinco veh\u00edculos concentran la mayor cuota dentro del mercado de ocasi\u00f3n:<\/p>\n\n\n\n<ul class=\"wp-block-list\">\n<li><a href=\"safari-reader:\/\/www.elperiodico.com\/es\/motor\/20260803\/10-coches-mas-vendidos-julio-2026-133057181\" target=\"_blank\" rel=\"noreferrer noopener\"><strong>Seat Ibiza<\/strong><\/a><strong>\u00a0(16% de cuota):<\/strong>\u00a0Registra 17 a\u00f1os de edad media, 180.000 km acumulados y un 43% de unidades con historial de da\u00f1os.<\/li>\n\n\n\n<li><strong>Volkswagen Golf (15%):<\/strong>\u00a0Presenta una media de 18 a\u00f1os de antig\u00fcedad, 213.000 km, un 49% con antecedentes de da\u00f1os y un 61% con alg\u00fan riesgo asociado.<\/li>\n\n\n\n<li><strong>Seat Le\u00f3n (12%):<\/strong>\u00a0Anota 14 a\u00f1os de media y 200.000 km, marcando la tasa m\u00e1s alta de da\u00f1os del ranking con un 51%.<\/li>\n\n\n\n<li><strong>Renault Clio (12%):<\/strong>\u00a0Cuenta con promedios de 15 a\u00f1os de antig\u00fcedad y 154.000 kil\u00f3metros.<\/li>\n\n\n\n<li><strong>Ford Focus (11%):<\/strong>\u00a0Arroja medias de 17 a\u00f1os de edad y 197.000 kil\u00f3metros.<\/li>\n\n\n\n<li><\/li>\n<\/ul>\n\n\n\n<p>A diferencia del avance de la electrificaci\u00f3n en el mercado de veh\u00edculos nuevos, la demanda de segunda mano contin\u00faa dominada por los motores t\u00e9rmicos: el&nbsp;<strong>di\u00e9sel representa el 52%<\/strong>&nbsp;de las operaciones, la&nbsp;<strong>gasolina el 45%<\/strong>&nbsp;y los&nbsp;<strong>h\u00edbridos el 3%<\/strong>.<\/p>\n\n\n\n<p>Respecto al origen de los autom\u00f3viles, las unidades importadas representan el<strong>&nbsp;6% del total,<\/strong>&nbsp;con un&nbsp;<strong>kilometraje medio de 223.760 km<\/strong>&nbsp;y un 49% de registros con da\u00f1os. Por su parte, los coches procedentes de flotas de alquiler suponen el&nbsp;<strong>9% del mercado de ocasi\u00f3n<\/strong>, con un 51% de unidades con historial de incidencias.<\/p>\n\n\n\n<p>Fuente Informaci\u00f3n: <strong><em><a href=\"https:\/\/www.elperiodico.com\/es\/motor\/\" data-type=\"link\" data-id=\"https:\/\/www.elperiodico.com\/es\/motor\/\">El Peri\u00f3dico <\/a><\/em><\/strong><\/p>\n\n\n\n<p>Fotograf\u00eda: SETRAM <\/p>\n\n\n\n<p><\/p>\n","protected":false},"excerpt":{"rendered":"<p>Barcelona, 31 de agosto de 2026.- El\u00a0mercado de veh\u00edculos de ocasi\u00f3n\u00a0en Espa\u00f1a destaca por la elevada veteran\u00eda de su oferta. Seg\u00fan un estudio de\u00a0CARFAX\u00a0elaborado sobre cerca de cinco millones de coches correspondientes a los modelos m\u00e1s vendidos en el primer semestre de 2026, el\u00a061% de los autom\u00f3viles usados transferidos supera los 15 a\u00f1os de antig\u00fcedad, [&hellip;]<\/p>\n","protected":false},"author":5,"featured_media":527,"comment_status":"open","ping_status":"open","sticky":false,"template":"","format":"standard","meta":{"_acf_changed":false,"footnotes":""},"categories":[9097],"tags":[32,9098,410,9099,61,210,4000,64],"class_list":["post-12002","post","type-post","status-publish","format-standard","has-post-thumbnail","hentry","category-ventas-coches-segunda-mano-2026","tag-blog-setram","tag-carfax","tag-coches-segunda-mano","tag-lideres-ventas","tag-ocasion","tag-seat","tag-ventas","tag-volkswagen"],"acf":[],"yoast_head":"<!-- This site is optimized with the Yoast SEO plugin v28.3 - https:\/\/yoast.com\/product\/yoast-seo-wordpress\/ -->\n<title>Seis de cada diez coches de segunda mano superan los 15 a\u00f1os de antig\u00fcedad - Log\u00edstica Automoci\u00f3n &amp; Campas Veh\u00edculos | SETRAM<\/title>\n<meta name=\"description\" content=\"El\u00a0mercado de veh\u00edculos de ocasi\u00f3n\u00a0en Espa\u00f1a destaca por la elevada veteran\u00eda de su oferta. Seg\u00fan un estudio de\u00a0CARFAX\u00a0elaborado sobre cerca de cinco millones de coches correspondientes a los modelos m\u00e1s vendidos en el primer semestre de 2026, el\u00a061% de los autom\u00f3viles usados transferidos supera los 15 a\u00f1os de antig\u00fcedad, diez puntos por encima de la media del parque automovil\u00edstico nacional (51%).\" \/>\n<meta name=\"robots\" content=\"index, follow, max-snippet:-1, max-image-preview:large, max-video-preview:-1\" \/>\n<link rel=\"canonical\" href=\"https:\/\/www.setram.com\/en\/seis-de-cada-diez-coches-de-segunda-mano-superan-los-15-anos-de-antiguedad\/\" \/>\n<meta property=\"og:locale\" content=\"en_US\" \/>\n<meta property=\"og:type\" content=\"article\" \/>\n<meta property=\"og:title\" content=\"Seis de cada diez coches de segunda mano superan los 15 a\u00f1os de antig\u00fcedad - Log\u00edstica Automoci\u00f3n &amp; Campas Veh\u00edculos | SETRAM\" \/>\n<meta property=\"og:description\" content=\"El\u00a0mercado de veh\u00edculos de ocasi\u00f3n\u00a0en Espa\u00f1a destaca por la elevada veteran\u00eda de su oferta. Seg\u00fan un estudio de\u00a0CARFAX\u00a0elaborado sobre cerca de cinco millones de coches correspondientes a los modelos m\u00e1s vendidos en el primer semestre de 2026, el\u00a061% de los autom\u00f3viles usados transferidos supera los 15 a\u00f1os de antig\u00fcedad, diez puntos por encima de la media del parque automovil\u00edstico nacional (51%).\" \/>\n<meta property=\"og:url\" content=\"https:\/\/www.setram.com\/en\/seis-de-cada-diez-coches-de-segunda-mano-superan-los-15-anos-de-antiguedad\/\" \/>\n<meta property=\"og:site_name\" content=\"Log\u00edstica Automoci\u00f3n &amp; Campas Veh\u00edculos | SETRAM\" \/>\n<meta property=\"article:published_time\" content=\"2026-08-31T07:59:31+00:00\" \/>\n<meta property=\"article:modified_time\" content=\"2026-08-31T08:00:39+00:00\" \/>\n<meta property=\"og:image\" content=\"https:\/\/www.setram.com\/wp-content\/uploads\/2025\/06\/image-84735838.jpg\" \/>\n\t<meta property=\"og:image:width\" content=\"388\" \/>\n\t<meta property=\"og:image:height\" content=\"222\" \/>\n\t<meta property=\"og:image:type\" content=\"image\/jpeg\" \/>\n<meta name=\"author\" content=\"SETRAM L\u00edder en Log\u00edstica de Automoci\u00f3n en Europa\" \/>\n<meta name=\"twitter:card\" content=\"summary_large_image\" \/>\n<meta name=\"twitter:creator\" content=\"@_setram\" \/>\n<meta name=\"twitter:site\" content=\"@_setram\" \/>\n<meta name=\"twitter:label1\" content=\"Written by\" \/>\n\t<meta name=\"twitter:data1\" content=\"SETRAM L\u00edder en Log\u00edstica de Automoci\u00f3n en Europa\" \/>\n\t<meta name=\"twitter:label2\" content=\"Est. reading time\" \/>\n\t<meta name=\"twitter:data2\" content=\"3 minutes\" \/>\n<script type=\"application\/ld+json\" class=\"yoast-schema-graph\">{\"@context\":\"https:\\\/\\\/schema.org\",\"@graph\":[{\"@type\":\"Article\",\"@id\":\"https:\\\/\\\/www.setram.com\\\/en\\\/seis-de-cada-diez-coches-de-segunda-mano-superan-los-15-anos-de-antiguedad\\\/#article\",\"isPartOf\":{\"@id\":\"https:\\\/\\\/www.setram.com\\\/en\\\/seis-de-cada-diez-coches-de-segunda-mano-superan-los-15-anos-de-antiguedad\\\/\"},\"author\":{\"name\":\"SETRAM L\u00edder en Log\u00edstica de Automoci\u00f3n en Europa\",\"@id\":\"https:\\\/\\\/www.setram.com\\\/en\\\/#\\\/schema\\\/person\\\/a5183775ce67dd23659a88233b83cd4d\"},\"headline\":\"Seis de cada diez coches de segunda mano superan los 15 a\u00f1os de antig\u00fcedad\",\"datePublished\":\"2026-08-31T07:59:31+00:00\",\"dateModified\":\"2026-08-31T08:00:39+00:00\",\"mainEntityOfPage\":{\"@id\":\"https:\\\/\\\/www.setram.com\\\/en\\\/seis-de-cada-diez-coches-de-segunda-mano-superan-los-15-anos-de-antiguedad\\\/\"},\"wordCount\":465,\"commentCount\":0,\"publisher\":{\"@id\":\"https:\\\/\\\/www.setram.com\\\/en\\\/#organization\"},\"image\":{\"@id\":\"https:\\\/\\\/www.setram.com\\\/en\\\/seis-de-cada-diez-coches-de-segunda-mano-superan-los-15-anos-de-antiguedad\\\/#primaryimage\"},\"thumbnailUrl\":\"https:\\\/\\\/www.setram.com\\\/wp-content\\\/uploads\\\/2025\\\/06\\\/image-84735838.jpg\",\"keywords\":[\"blog setram\",\"carfax\",\"coches segunda mano\",\"l\u00edderes ventas\",\"ocasi\u00f3n\",\"SEAT\",\"ventas\",\"Volkswagen\"],\"articleSection\":[\"Ventas coches segunda mano 2026\"],\"inLanguage\":\"en-US\",\"potentialAction\":[{\"@type\":\"CommentAction\",\"name\":\"Comment\",\"target\":[\"https:\\\/\\\/www.setram.com\\\/en\\\/seis-de-cada-diez-coches-de-segunda-mano-superan-los-15-anos-de-antiguedad\\\/#respond\"]}]},{\"@type\":\"WebPage\",\"@id\":\"https:\\\/\\\/www.setram.com\\\/en\\\/seis-de-cada-diez-coches-de-segunda-mano-superan-los-15-anos-de-antiguedad\\\/\",\"url\":\"https:\\\/\\\/www.setram.com\\\/en\\\/seis-de-cada-diez-coches-de-segunda-mano-superan-los-15-anos-de-antiguedad\\\/\",\"name\":\"Seis de cada diez coches de segunda mano superan los 15 a\u00f1os de antig\u00fcedad - Log\u00edstica Automoci\u00f3n &amp; Campas Veh\u00edculos | SETRAM\",\"isPartOf\":{\"@id\":\"https:\\\/\\\/www.setram.com\\\/en\\\/#website\"},\"primaryImageOfPage\":{\"@id\":\"https:\\\/\\\/www.setram.com\\\/en\\\/seis-de-cada-diez-coches-de-segunda-mano-superan-los-15-anos-de-antiguedad\\\/#primaryimage\"},\"image\":{\"@id\":\"https:\\\/\\\/www.setram.com\\\/en\\\/seis-de-cada-diez-coches-de-segunda-mano-superan-los-15-anos-de-antiguedad\\\/#primaryimage\"},\"thumbnailUrl\":\"https:\\\/\\\/www.setram.com\\\/wp-content\\\/uploads\\\/2025\\\/06\\\/image-84735838.jpg\",\"datePublished\":\"2026-08-31T07:59:31+00:00\",\"dateModified\":\"2026-08-31T08:00:39+00:00\",\"description\":\"El\u00a0mercado de veh\u00edculos de ocasi\u00f3n\u00a0en Espa\u00f1a destaca por la elevada veteran\u00eda de su oferta. Seg\u00fan un estudio de\u00a0CARFAX\u00a0elaborado sobre cerca de cinco millones de coches correspondientes a los modelos m\u00e1s vendidos en el primer semestre de 2026, el\u00a061% de los autom\u00f3viles usados transferidos supera los 15 a\u00f1os de antig\u00fcedad, diez puntos por encima de la media del parque automovil\u00edstico nacional (51%).\",\"breadcrumb\":{\"@id\":\"https:\\\/\\\/www.setram.com\\\/en\\\/seis-de-cada-diez-coches-de-segunda-mano-superan-los-15-anos-de-antiguedad\\\/#breadcrumb\"},\"inLanguage\":\"en-US\",\"potentialAction\":[{\"@type\":\"ReadAction\",\"target\":[\"https:\\\/\\\/www.setram.com\\\/en\\\/seis-de-cada-diez-coches-de-segunda-mano-superan-los-15-anos-de-antiguedad\\\/\"]}]},{\"@type\":\"ImageObject\",\"inLanguage\":\"en-US\",\"@id\":\"https:\\\/\\\/www.setram.com\\\/en\\\/seis-de-cada-diez-coches-de-segunda-mano-superan-los-15-anos-de-antiguedad\\\/#primaryimage\",\"url\":\"https:\\\/\\\/www.setram.com\\\/wp-content\\\/uploads\\\/2025\\\/06\\\/image-84735838.jpg\",\"contentUrl\":\"https:\\\/\\\/www.setram.com\\\/wp-content\\\/uploads\\\/2025\\\/06\\\/image-84735838.jpg\",\"width\":388,\"height\":222},{\"@type\":\"BreadcrumbList\",\"@id\":\"https:\\\/\\\/www.setram.com\\\/en\\\/seis-de-cada-diez-coches-de-segunda-mano-superan-los-15-anos-de-antiguedad\\\/#breadcrumb\",\"itemListElement\":[{\"@type\":\"ListItem\",\"position\":1,\"name\":\"Portada\",\"item\":\"https:\\\/\\\/www.setram.com\\\/en\\\/\"},{\"@type\":\"ListItem\",\"position\":2,\"name\":\"Seis de cada diez coches de segunda mano superan los 15 a\u00f1os de antig\u00fcedad\"}]},{\"@type\":\"WebSite\",\"@id\":\"https:\\\/\\\/www.setram.com\\\/en\\\/#website\",\"url\":\"https:\\\/\\\/www.setram.com\\\/en\\\/\",\"name\":\"Log\u00edstica Automoci\u00f3n & Campas Veh\u00edculos | SETRAM\",\"description\":\"Operador Multimodal especializado en Log\u00edstica de Automoci\u00f3n con certificado Ambiental ISO. Comprometidos con el medio ambiente gracias a su gesti\u00f3n energ\u00e9tica.\",\"publisher\":{\"@id\":\"https:\\\/\\\/www.setram.com\\\/en\\\/#organization\"},\"potentialAction\":[{\"@type\":\"SearchAction\",\"target\":{\"@type\":\"EntryPoint\",\"urlTemplate\":\"https:\\\/\\\/www.setram.com\\\/en\\\/?s={search_term_string}\"},\"query-input\":{\"@type\":\"PropertyValueSpecification\",\"valueRequired\":true,\"valueName\":\"search_term_string\"}}],\"inLanguage\":\"en-US\"},{\"@type\":\"Organization\",\"@id\":\"https:\\\/\\\/www.setram.com\\\/en\\\/#organization\",\"name\":\"Log\u00edstica Automoci\u00f3n & Campas Veh\u00edculos | SETRAM\",\"url\":\"https:\\\/\\\/www.setram.com\\\/en\\\/\",\"logo\":{\"@type\":\"ImageObject\",\"inLanguage\":\"en-US\",\"@id\":\"https:\\\/\\\/www.setram.com\\\/en\\\/#\\\/schema\\\/logo\\\/image\\\/\",\"url\":\"https:\\\/\\\/www.setram.com\\\/wp-content\\\/uploads\\\/2025\\\/05\\\/logo-setram.jpg\",\"contentUrl\":\"https:\\\/\\\/www.setram.com\\\/wp-content\\\/uploads\\\/2025\\\/05\\\/logo-setram.jpg\",\"width\":484,\"height\":107,\"caption\":\"Log\u00edstica Automoci\u00f3n & Campas Veh\u00edculos | SETRAM\"},\"image\":{\"@id\":\"https:\\\/\\\/www.setram.com\\\/en\\\/#\\\/schema\\\/logo\\\/image\\\/\"},\"sameAs\":[\"https:\\\/\\\/x.com\\\/_setram\",\"https:\\\/\\\/www.linkedin.com\\\/company\\\/setram-s-a-\",\"https:\\\/\\\/www.youtube.com\\\/channel\\\/UC5j125Vd5dvi3ZCfMXBgNzg\"]},{\"@type\":\"Person\",\"@id\":\"https:\\\/\\\/www.setram.com\\\/en\\\/#\\\/schema\\\/person\\\/a5183775ce67dd23659a88233b83cd4d\",\"name\":\"SETRAM L\u00edder en Log\u00edstica de Automoci\u00f3n en Europa\",\"image\":{\"@type\":\"ImageObject\",\"inLanguage\":\"en-US\",\"@id\":\"https:\\\/\\\/www.setram.com\\\/wp-content\\\/uploads\\\/2025\\\/05\\\/favicon-setram.png\",\"url\":\"https:\\\/\\\/www.setram.com\\\/wp-content\\\/uploads\\\/2025\\\/05\\\/favicon-setram.png\",\"contentUrl\":\"https:\\\/\\\/www.setram.com\\\/wp-content\\\/uploads\\\/2025\\\/05\\\/favicon-setram.png\",\"caption\":\"SETRAM L\u00edder en Log\u00edstica de Automoci\u00f3n en Europa\"},\"sameAs\":[\"https:\\\/\\\/es.linkedin.com\\\/company\\\/setram-s-a-\"],\"url\":\"https:\\\/\\\/www.setram.com\\\/en\\\/author\\\/setram\\\/\"}]}<\/script>\n<!-- \/ Yoast SEO plugin. -->","yoast_head_json":{"title":"Seis de cada diez coches de segunda mano superan los 15 a\u00f1os de antig\u00fcedad - Log\u00edstica Automoci\u00f3n &amp; Campas Veh\u00edculos | SETRAM","description":"El\u00a0mercado de veh\u00edculos de ocasi\u00f3n\u00a0en Espa\u00f1a destaca por la elevada veteran\u00eda de su oferta. Seg\u00fan un estudio de\u00a0CARFAX\u00a0elaborado sobre cerca de cinco millones de coches correspondientes a los modelos m\u00e1s vendidos en el primer semestre de 2026, el\u00a061% de los autom\u00f3viles usados transferidos supera los 15 a\u00f1os de antig\u00fcedad, diez puntos por encima de la media del parque automovil\u00edstico nacional (51%).","robots":{"index":"index","follow":"follow","max-snippet":"max-snippet:-1","max-image-preview":"max-image-preview:large","max-video-preview":"max-video-preview:-1"},"canonical":"https:\/\/www.setram.com\/en\/seis-de-cada-diez-coches-de-segunda-mano-superan-los-15-anos-de-antiguedad\/","og_locale":"en_US","og_type":"article","og_title":"Seis de cada diez coches de segunda mano superan los 15 a\u00f1os de antig\u00fcedad - Log\u00edstica Automoci\u00f3n &amp; Campas Veh\u00edculos | SETRAM","og_description":"El\u00a0mercado de veh\u00edculos de ocasi\u00f3n\u00a0en Espa\u00f1a destaca por la elevada veteran\u00eda de su oferta. Seg\u00fan un estudio de\u00a0CARFAX\u00a0elaborado sobre cerca de cinco millones de coches correspondientes a los modelos m\u00e1s vendidos en el primer semestre de 2026, el\u00a061% de los autom\u00f3viles usados transferidos supera los 15 a\u00f1os de antig\u00fcedad, diez puntos por encima de la media del parque automovil\u00edstico nacional (51%).","og_url":"https:\/\/www.setram.com\/en\/seis-de-cada-diez-coches-de-segunda-mano-superan-los-15-anos-de-antiguedad\/","og_site_name":"Log\u00edstica Automoci\u00f3n &amp; Campas Veh\u00edculos | SETRAM","article_published_time":"2026-08-31T07:59:31+00:00","article_modified_time":"2026-08-31T08:00:39+00:00","og_image":[{"width":388,"height":222,"url":"https:\/\/www.setram.com\/wp-content\/uploads\/2025\/06\/image-84735838.jpg","type":"image\/jpeg"}],"author":"SETRAM L\u00edder en Log\u00edstica de Automoci\u00f3n en Europa","twitter_card":"summary_large_image","twitter_creator":"@_setram","twitter_site":"@_setram","twitter_misc":{"Written by":"SETRAM L\u00edder en Log\u00edstica de Automoci\u00f3n en Europa","Est. reading time":"3 minutes"},"schema":{"@context":"https:\/\/schema.org","@graph":[{"@type":"Article","@id":"https:\/\/www.setram.com\/en\/seis-de-cada-diez-coches-de-segunda-mano-superan-los-15-anos-de-antiguedad\/#article","isPartOf":{"@id":"https:\/\/www.setram.com\/en\/seis-de-cada-diez-coches-de-segunda-mano-superan-los-15-anos-de-antiguedad\/"},"author":{"name":"SETRAM L\u00edder en Log\u00edstica de Automoci\u00f3n en Europa","@id":"https:\/\/www.setram.com\/en\/#\/schema\/person\/a5183775ce67dd23659a88233b83cd4d"},"headline":"Seis de cada diez coches de segunda mano superan los 15 a\u00f1os de antig\u00fcedad","datePublished":"2026-08-31T07:59:31+00:00","dateModified":"2026-08-31T08:00:39+00:00","mainEntityOfPage":{"@id":"https:\/\/www.setram.com\/en\/seis-de-cada-diez-coches-de-segunda-mano-superan-los-15-anos-de-antiguedad\/"},"wordCount":465,"commentCount":0,"publisher":{"@id":"https:\/\/www.setram.com\/en\/#organization"},"image":{"@id":"https:\/\/www.setram.com\/en\/seis-de-cada-diez-coches-de-segunda-mano-superan-los-15-anos-de-antiguedad\/#primaryimage"},"thumbnailUrl":"https:\/\/www.setram.com\/wp-content\/uploads\/2025\/06\/image-84735838.jpg","keywords":["blog setram","carfax","coches segunda mano","l\u00edderes ventas","ocasi\u00f3n","SEAT","ventas","Volkswagen"],"articleSection":["Ventas coches segunda mano 2026"],"inLanguage":"en-US","potentialAction":[{"@type":"CommentAction","name":"Comment","target":["https:\/\/www.setram.com\/en\/seis-de-cada-diez-coches-de-segunda-mano-superan-los-15-anos-de-antiguedad\/#respond"]}]},{"@type":"WebPage","@id":"https:\/\/www.setram.com\/en\/seis-de-cada-diez-coches-de-segunda-mano-superan-los-15-anos-de-antiguedad\/","url":"https:\/\/www.setram.com\/en\/seis-de-cada-diez-coches-de-segunda-mano-superan-los-15-anos-de-antiguedad\/","name":"Seis de cada diez coches de segunda mano superan los 15 a\u00f1os de antig\u00fcedad - Log\u00edstica Automoci\u00f3n &amp; Campas Veh\u00edculos | SETRAM","isPartOf":{"@id":"https:\/\/www.setram.com\/en\/#website"},"primaryImageOfPage":{"@id":"https:\/\/www.setram.com\/en\/seis-de-cada-diez-coches-de-segunda-mano-superan-los-15-anos-de-antiguedad\/#primaryimage"},"image":{"@id":"https:\/\/www.setram.com\/en\/seis-de-cada-diez-coches-de-segunda-mano-superan-los-15-anos-de-antiguedad\/#primaryimage"},"thumbnailUrl":"https:\/\/www.setram.com\/wp-content\/uploads\/2025\/06\/image-84735838.jpg","datePublished":"2026-08-31T07:59:31+00:00","dateModified":"2026-08-31T08:00:39+00:00","description":"El\u00a0mercado de veh\u00edculos de ocasi\u00f3n\u00a0en Espa\u00f1a destaca por la elevada veteran\u00eda de su oferta. Seg\u00fan un estudio de\u00a0CARFAX\u00a0elaborado sobre cerca de cinco millones de coches correspondientes a los modelos m\u00e1s vendidos en el primer semestre de 2026, el\u00a061% de los autom\u00f3viles usados transferidos supera los 15 a\u00f1os de antig\u00fcedad, diez puntos por encima de la media del parque automovil\u00edstico nacional (51%).","breadcrumb":{"@id":"https:\/\/www.setram.com\/en\/seis-de-cada-diez-coches-de-segunda-mano-superan-los-15-anos-de-antiguedad\/#breadcrumb"},"inLanguage":"en-US","potentialAction":[{"@type":"ReadAction","target":["https:\/\/www.setram.com\/en\/seis-de-cada-diez-coches-de-segunda-mano-superan-los-15-anos-de-antiguedad\/"]}]},{"@type":"ImageObject","inLanguage":"en-US","@id":"https:\/\/www.setram.com\/en\/seis-de-cada-diez-coches-de-segunda-mano-superan-los-15-anos-de-antiguedad\/#primaryimage","url":"https:\/\/www.setram.com\/wp-content\/uploads\/2025\/06\/image-84735838.jpg","contentUrl":"https:\/\/www.setram.com\/wp-content\/uploads\/2025\/06\/image-84735838.jpg","width":388,"height":222},{"@type":"BreadcrumbList","@id":"https:\/\/www.setram.com\/en\/seis-de-cada-diez-coches-de-segunda-mano-superan-los-15-anos-de-antiguedad\/#breadcrumb","itemListElement":[{"@type":"ListItem","position":1,"name":"Portada","item":"https:\/\/www.setram.com\/en\/"},{"@type":"ListItem","position":2,"name":"Seis de cada diez coches de segunda mano superan los 15 a\u00f1os de antig\u00fcedad"}]},{"@type":"WebSite","@id":"https:\/\/www.setram.com\/en\/#website","url":"https:\/\/www.setram.com\/en\/","name":"Log\u00edstica Automoci\u00f3n & Campas Veh\u00edculos | SETRAM","description":"Operador Multimodal especializado en Log\u00edstica de Automoci\u00f3n con certificado Ambiental ISO. Comprometidos con el medio ambiente gracias a su gesti\u00f3n energ\u00e9tica.","publisher":{"@id":"https:\/\/www.setram.com\/en\/#organization"},"potentialAction":[{"@type":"SearchAction","target":{"@type":"EntryPoint","urlTemplate":"https:\/\/www.setram.com\/en\/?s={search_term_string}"},"query-input":{"@type":"PropertyValueSpecification","valueRequired":true,"valueName":"search_term_string"}}],"inLanguage":"en-US"},{"@type":"Organization","@id":"https:\/\/www.setram.com\/en\/#organization","name":"Log\u00edstica Automoci\u00f3n & Campas Veh\u00edculos | SETRAM","url":"https:\/\/www.setram.com\/en\/","logo":{"@type":"ImageObject","inLanguage":"en-US","@id":"https:\/\/www.setram.com\/en\/#\/schema\/logo\/image\/","url":"https:\/\/www.setram.com\/wp-content\/uploads\/2025\/05\/logo-setram.jpg","contentUrl":"https:\/\/www.setram.com\/wp-content\/uploads\/2025\/05\/logo-setram.jpg","width":484,"height":107,"caption":"Log\u00edstica Automoci\u00f3n & Campas Veh\u00edculos | SETRAM"},"image":{"@id":"https:\/\/www.setram.com\/en\/#\/schema\/logo\/image\/"},"sameAs":["https:\/\/x.com\/_setram","https:\/\/www.linkedin.com\/company\/setram-s-a-","https:\/\/www.youtube.com\/channel\/UC5j125Vd5dvi3ZCfMXBgNzg"]},{"@type":"Person","@id":"https:\/\/www.setram.com\/en\/#\/schema\/person\/a5183775ce67dd23659a88233b83cd4d","name":"SETRAM L\u00edder en Log\u00edstica de Automoci\u00f3n en Europa","image":{"@type":"ImageObject","inLanguage":"en-US","@id":"https:\/\/www.setram.com\/wp-content\/uploads\/2025\/05\/favicon-setram.png","url":"https:\/\/www.setram.com\/wp-content\/uploads\/2025\/05\/favicon-setram.png","contentUrl":"https:\/\/www.setram.com\/wp-content\/uploads\/2025\/05\/favicon-setram.png","caption":"SETRAM L\u00edder en Log\u00edstica de Automoci\u00f3n en Europa"},"sameAs":["https:\/\/es.linkedin.com\/company\/setram-s-a-"],"url":"https:\/\/www.setram.com\/en\/author\/setram\/"}]}},"_links":{"self":[{"href":"https:\/\/www.setram.com\/en\/wp-json\/wp\/v2\/posts\/12002","targetHints":{"allow":["GET"]}}],"collection":[{"href":"https:\/\/www.setram.com\/en\/wp-json\/wp\/v2\/posts"}],"about":[{"href":"https:\/\/www.setram.com\/en\/wp-json\/wp\/v2\/types\/post"}],"author":[{"embeddable":true,"href":"https:\/\/www.setram.com\/en\/wp-json\/wp\/v2\/users\/5"}],"replies":[{"embeddable":true,"href":"https:\/\/www.setram.com\/en\/wp-json\/wp\/v2\/comments?post=12002"}],"version-history":[{"count":1,"href":"https:\/\/www.setram.com\/en\/wp-json\/wp\/v2\/posts\/12002\/revisions"}],"predecessor-version":[{"id":12003,"href":"https:\/\/www.setram.com\/en\/wp-json\/wp\/v2\/posts\/12002\/revisions\/12003"}],"wp:featuredmedia":[{"embeddable":true,"href":"https:\/\/www.setram.com\/en\/wp-json\/wp\/v2\/media\/527"}],"wp:attachment":[{"href":"https:\/\/www.setram.com\/en\/wp-json\/wp\/v2\/media?parent=12002"}],"wp:term":[{"taxonomy":"category","embeddable":true,"href":"https:\/\/www.setram.com\/en\/wp-json\/wp\/v2\/categories?post=12002"},{"taxonomy":"post_tag","embeddable":true,"href":"https:\/\/www.setram.com\/en\/wp-json\/wp\/v2\/tags?post=12002"}],"curies":[{"name":"wp","href":"https:\/\/api.w.org\/{rel}","templated":true}]}}