{"id":12004,"date":"2026-09-02T11:04:43","date_gmt":"2026-09-02T09:04:43","guid":{"rendered":"https:\/\/www.setram.com\/?p=12004"},"modified":"2026-09-02T11:04:48","modified_gmt":"2026-09-02T09:04:48","slug":"las-matriculaciones-de-vehiculos-electrificados-suben-un-28-en-agosto","status":"publish","type":"post","link":"https:\/\/www.setram.com\/en\/las-matriculaciones-de-vehiculos-electrificados-suben-un-28-en-agosto\/","title":{"rendered":"Las matriculaciones de veh\u00edculos electrificados suben un 28% en agosto"},"content":{"rendered":"\n<p><strong>Barcelona, 2 de setiembre de 2026.-<\/strong> Las matriculaciones de veh\u00edculos electrificados (100% el\u00e9ctricos + h\u00edbridos enchufables) de todo tipo (turismos, dos ruedas, comerciales e industriales) registraron un ascenso del 28% en agosto, hasta alcanzar las 21.292 unidades, seg\u00fan datos de la Asociaci\u00f3n Empresarial para el Desarrollo e Impulso de la Movilidad El\u00e9ctrica (AEDIVE) y la Asociaci\u00f3n Nacional de Vendedores de Veh\u00edculos (GANVAM). En lo que va de a\u00f1o, acumulan una subida del 33,6%, con un total de 208.611 unidades.<\/p>\n\n\n\n<p><strong>Matriculaciones de veh\u00edculos el\u00e9ctricos puros + h\u00edbridos enchufables<\/strong><\/p>\n\n\n\n<figure class=\"wp-block-table\"><table class=\"has-fixed-layout\"><tbody><tr><td class=\"has-text-align-left\" data-align=\"left\"><strong>Tipo de veh\u00edculo<\/strong><\/td><td class=\"has-text-align-left\" data-align=\"left\"><strong>agosto 2026<\/strong><\/td><td class=\"has-text-align-left\" data-align=\"left\"><strong>% var.<\/strong><\/td><td class=\"has-text-align-left\" data-align=\"left\"><strong>acumulado<\/strong><\/td><td class=\"has-text-align-left\" data-align=\"left\"><strong>% var.<\/strong><\/td><\/tr><tr><td class=\"has-text-align-left\" data-align=\"left\"><strong>Turismos<\/strong><\/td><td class=\"has-text-align-left\" data-align=\"left\"><strong>19.193<\/strong><\/td><td class=\"has-text-align-left\" data-align=\"left\"><strong>+27,3%<\/strong><\/td><td class=\"has-text-align-left\" data-align=\"left\"><strong>187.179<\/strong><\/td><td class=\"has-text-align-left\" data-align=\"left\"><strong>+34,0%<\/strong><\/td><\/tr><tr><td class=\"has-text-align-left\" data-align=\"left\"><strong>Furgonetas<\/strong><\/td><td class=\"has-text-align-left\" data-align=\"left\">1.285<\/td><td class=\"has-text-align-left\" data-align=\"left\">+45,9%<\/td><td class=\"has-text-align-left\" data-align=\"left\">13.504<\/td><td class=\"has-text-align-left\" data-align=\"left\">+48,6%<\/td><\/tr><tr><td class=\"has-text-align-left\" data-align=\"left\"><strong>Quad\/ATV\/Triciclos<\/strong><\/td><td class=\"has-text-align-left\" data-align=\"left\">71<\/td><td class=\"has-text-align-left\" data-align=\"left\">+255,0%<\/td><td class=\"has-text-align-left\" data-align=\"left\">345<\/td><td class=\"has-text-align-left\" data-align=\"left\">+9,2%<\/td><\/tr><tr><td class=\"has-text-align-left\" data-align=\"left\"><strong>Cuadriciclos<\/strong><\/td><td class=\"has-text-align-left\" data-align=\"left\">109<\/td><td class=\"has-text-align-left\" data-align=\"left\">+17,2%<\/td><td class=\"has-text-align-left\" data-align=\"left\">1.255<\/td><td class=\"has-text-align-left\" data-align=\"left\">+46,4%<\/td><\/tr><tr><td class=\"has-text-align-left\" data-align=\"left\"><strong>Ciclomotores<\/strong><\/td><td class=\"has-text-align-left\" data-align=\"left\">124<\/td><td class=\"has-text-align-left\" data-align=\"left\">+33,3%<\/td><td class=\"has-text-align-left\" data-align=\"left\">1.217<\/td><td class=\"has-text-align-left\" data-align=\"left\">-15,3%<\/td><\/tr><tr><td class=\"has-text-align-left\" data-align=\"left\"><strong>Motocicletas<\/strong><\/td><td class=\"has-text-align-left\" data-align=\"left\">480<\/td><td class=\"has-text-align-left\" data-align=\"left\">+11,6%<\/td><td class=\"has-text-align-left\" data-align=\"left\">4.739<\/td><td class=\"has-text-align-left\" data-align=\"left\">+7,9%<\/td><\/tr><tr><td class=\"has-text-align-left\" data-align=\"left\"><strong>Industriales medios&nbsp;<\/strong><\/td><td class=\"has-text-align-left\" data-align=\"left\">5<\/td><td class=\"has-text-align-left\" data-align=\"left\">-44,4%<\/td><td class=\"has-text-align-left\" data-align=\"left\">53<\/td><td class=\"has-text-align-left\" data-align=\"left\">+35,9%<\/td><\/tr><tr><td class=\"has-text-align-left\" data-align=\"left\"><strong>Industriales pesados&nbsp;<\/strong><\/td><td class=\"has-text-align-left\" data-align=\"left\">6<\/td><td class=\"has-text-align-left\" data-align=\"left\">-50,0%<\/td><td class=\"has-text-align-left\" data-align=\"left\">47<\/td><td class=\"has-text-align-left\" data-align=\"left\">-50,0%<\/td><\/tr><tr><td class=\"has-text-align-left\" data-align=\"left\"><strong>Autobuses\/Autocares<\/strong><\/td><td class=\"has-text-align-left\" data-align=\"left\">19<\/td><td class=\"has-text-align-left\" data-align=\"left\">-13,6%<\/td><td class=\"has-text-align-left\" data-align=\"left\">272<\/td><td class=\"has-text-align-left\" data-align=\"left\">+2,6%<\/td><\/tr><tr><td class=\"has-text-align-left\" data-align=\"left\"><strong>TOTAL<\/strong><\/td><td class=\"has-text-align-left\" data-align=\"left\"><strong>21.292<\/strong><\/td><td class=\"has-text-align-left\" data-align=\"left\"><strong>+28%<\/strong><\/td><td class=\"has-text-align-left\" data-align=\"left\"><strong>208.611<\/strong><\/td><td class=\"has-text-align-left\" data-align=\"left\"><strong>+33,6%<\/strong><\/td><\/tr><\/tbody><\/table><\/figure>\n\n\n\n<p>Fuente: AEDIVE-GANVAM<\/p>\n\n\n\n<p>Si los separamos por tipo de propulsi\u00f3n, las matriculaciones de veh\u00edculos 100% el\u00e9ctricos de todo tipo (turismos, dos ruedas, comerciales e industriales) subieron un 32,7% en agosto, con un total de 11.051 unidades. En lo que va de a\u00f1o, acumulan un incremento del 32,2%, hasta alcanzar las 100.895 unidades matriculadas.<\/p>\n\n\n\n<p><strong>Matriculaciones de veh\u00edculos el\u00e9ctricos puros\u00a0<\/strong><\/p>\n\n\n\n<figure class=\"wp-block-table\"><table class=\"has-fixed-layout\"><tbody><tr><td class=\"has-text-align-left\" data-align=\"left\"><strong>Tipo de veh\u00edculo<\/strong><\/td><td class=\"has-text-align-left\" data-align=\"left\"><strong>agosto 2026<\/strong><\/td><td class=\"has-text-align-left\" data-align=\"left\"><strong>% var.<\/strong><\/td><td class=\"has-text-align-left\" data-align=\"left\"><strong>acumulado&nbsp;<\/strong><\/td><td class=\"has-text-align-left\" data-align=\"left\"><strong>% var.<\/strong><\/td><\/tr><tr><td class=\"has-text-align-left\" data-align=\"left\"><strong>Turismos<\/strong><\/td><td class=\"has-text-align-left\" data-align=\"left\"><strong>9.562<\/strong><\/td><td class=\"has-text-align-left\" data-align=\"left\"><strong>+33,6%<\/strong><\/td><td class=\"has-text-align-left\" data-align=\"left\"><strong>86.200<\/strong><\/td><td class=\"has-text-align-left\" data-align=\"left\"><strong>+36,0%<\/strong><\/td><\/tr><tr><td class=\"has-text-align-left\" data-align=\"left\"><strong>Furgonetas<\/strong><\/td><td class=\"has-text-align-left\" data-align=\"left\">675<\/td><td class=\"has-text-align-left\" data-align=\"left\">+37,2%<\/td><td class=\"has-text-align-left\" data-align=\"left\">6.767<\/td><td class=\"has-text-align-left\" data-align=\"left\">+22,1%<\/td><\/tr><tr><td class=\"has-text-align-left\" data-align=\"left\"><strong>Quad\/ATV\/Triciclos<\/strong><\/td><td class=\"has-text-align-left\" data-align=\"left\">71<\/td><td class=\"has-text-align-left\" data-align=\"left\">+255,0%<\/td><td class=\"has-text-align-left\" data-align=\"left\">345<\/td><td class=\"has-text-align-left\" data-align=\"left\">+9,2%<\/td><\/tr><tr><td class=\"has-text-align-left\" data-align=\"left\"><strong>Cuadriciclos<\/strong><\/td><td class=\"has-text-align-left\" data-align=\"left\">109<\/td><td class=\"has-text-align-left\" data-align=\"left\">+17,2%<\/td><td class=\"has-text-align-left\" data-align=\"left\">1.255<\/td><td class=\"has-text-align-left\" data-align=\"left\">+46,4%<\/td><\/tr><tr><td class=\"has-text-align-left\" data-align=\"left\"><strong>Ciclomotores<\/strong><\/td><td class=\"has-text-align-left\" data-align=\"left\">124<\/td><td class=\"has-text-align-left\" data-align=\"left\">+33,3%<\/td><td class=\"has-text-align-left\" data-align=\"left\">1.217<\/td><td class=\"has-text-align-left\" data-align=\"left\">-15,3%<\/td><\/tr><tr><td class=\"has-text-align-left\" data-align=\"left\"><strong>Motocicletas<\/strong><\/td><td class=\"has-text-align-left\" data-align=\"left\">480<\/td><td class=\"has-text-align-left\" data-align=\"left\">+11,6%<\/td><td class=\"has-text-align-left\" data-align=\"left\">4.739<\/td><td class=\"has-text-align-left\" data-align=\"left\">+7,9%<\/td><\/tr><tr><td class=\"has-text-align-left\" data-align=\"left\"><strong>Industriales medios&nbsp;<\/strong><\/td><td class=\"has-text-align-left\" data-align=\"left\">5<\/td><td class=\"has-text-align-left\" data-align=\"left\">-44,4%<\/td><td class=\"has-text-align-left\" data-align=\"left\">53<\/td><td class=\"has-text-align-left\" data-align=\"left\">+35,9%<\/td><\/tr><tr><td class=\"has-text-align-left\" data-align=\"left\"><strong>Industriales pesados<\/strong><\/td><td class=\"has-text-align-left\" data-align=\"left\">6<\/td><td class=\"has-text-align-left\" data-align=\"left\">-50,0%<\/td><td class=\"has-text-align-left\" data-align=\"left\">47<\/td><td class=\"has-text-align-left\" data-align=\"left\">-50,0%<\/td><\/tr><tr><td class=\"has-text-align-left\" data-align=\"left\"><strong>Autobuses\/Autocares<\/strong><\/td><td class=\"has-text-align-left\" data-align=\"left\">19<\/td><td class=\"has-text-align-left\" data-align=\"left\">-13,6%<\/td><td class=\"has-text-align-left\" data-align=\"left\">272<\/td><td class=\"has-text-align-left\" data-align=\"left\">+2,6%<\/td><\/tr><tr><td class=\"has-text-align-left\" data-align=\"left\"><strong>TOTAL<\/strong><\/td><td class=\"has-text-align-left\" data-align=\"left\"><strong>11.051<\/strong><\/td><td class=\"has-text-align-left\" data-align=\"left\"><strong>+32,7%<\/strong><\/td><td class=\"has-text-align-left\" data-align=\"left\"><strong>100.895<\/strong><\/td><td class=\"has-text-align-left\" data-align=\"left\"><strong>+32,2%<\/strong><\/td><\/tr><\/tbody><\/table><\/figure>\n\n\n\n<p>Fuente: AEDIVE-GANVAM<\/p>\n\n\n\n<p>En un an\u00e1lisis por tipo de veh\u00edculos, las matriculaciones de&nbsp;<strong>turismos 100% el\u00e9ctricos registraron una subida del 33,6% en agosto<\/strong>, con un total de 9.562 unidades. En el acumulado, suben un 36%, hasta alcanzar las 86.200 unidades.<\/p>\n\n\n\n<p>Continuando con el an\u00e1lisis por tipo de veh\u00edculo, las matriculaciones de&nbsp;<strong>furgonetas el\u00e9ctricas crecen un 37,2% en agosto.&nbsp;<\/strong>En concreto, se situaron en las 675 unidades vendidas. Ahora bien, en lo que llevamos de ejercicio, sus ventas acumulan un aumento del 22,1%, con un total de 6.767 unidades.<\/p>\n\n\n\n<p><strong>Los particulares compran el 66% de los el\u00e9ctricos puros<\/strong><\/p>\n\n\n\n<p>AEDIVE y GANVAM apuntan a que las compras de particulares mantienen el dinamismo y registran el 66% de las ventas de el\u00e9ctricos puros en agosto, lo que refleja la disposici\u00f3n de los ciudadanos a dar el salto a la movilidad electrificada. Las ayudas a la compra y las condiciones favorables de financiaci\u00f3n suponen un claro impulso, pero es necesario seguir completando la estrategia, sobre todo, con palancas fiscales y de comunicaci\u00f3n para acelerar los objetivos, especialmente en el \u00e1mbito de las flotas. <\/p>\n\n\n\n<p>Adem\u00e1s, abogan por ampliar el alcance de las medidas para apoyar tambi\u00e9n el desarrollo de las infraestructuras de recarga, garantizando as\u00ed las condiciones necesarias para que el ciudadano contin\u00fae apostando por el veh\u00edculo el\u00e9ctrico.<\/p>\n\n\n\n<p><strong>El 28% de los turismos matriculados en agosto fue un modelo con enchufe<\/strong><\/p>\n\n\n\n<p>Por su parte, los datos muestran que los veh\u00edculos&nbsp;<strong>h\u00edbridos enchufables<\/strong>&nbsp;registraron un incremento del 23,2% durante el pasado mes, hasta alcanzar las 10.241 unidades. En el acumulado, aumentan un 34,9%, con un total de 107.716 unidades hasta agosto.<\/p>\n\n\n\n<p><strong>Matriculaciones de veh\u00edculos h\u00edbridos enchufables\u00a0<\/strong><\/p>\n\n\n\n<figure class=\"wp-block-table\"><table class=\"has-fixed-layout\"><tbody><tr><td class=\"has-text-align-left\" data-align=\"left\"><strong>Tipo de veh\u00edculo<\/strong><\/td><td class=\"has-text-align-left\" data-align=\"left\"><strong>agosto 2026<\/strong><\/td><td class=\"has-text-align-left\" data-align=\"left\"><strong>% var.<\/strong><\/td><td class=\"has-text-align-left\" data-align=\"left\"><strong>acumulado<\/strong><\/td><td class=\"has-text-align-left\" data-align=\"left\"><strong>% var.<\/strong><\/td><\/tr><tr><td class=\"has-text-align-left\" data-align=\"left\"><strong>Turismos<\/strong><\/td><td class=\"has-text-align-left\" data-align=\"left\"><strong>9.631<\/strong><\/td><td class=\"has-text-align-left\" data-align=\"left\"><strong>+21,6%<\/strong><\/td><td class=\"has-text-align-left\" data-align=\"left\"><strong>100.979<\/strong><\/td><td class=\"has-text-align-left\" data-align=\"left\"><strong>+32,3%<\/strong><\/td><\/tr><tr><td class=\"has-text-align-left\" data-align=\"left\"><strong>Furgonetas<\/strong><\/td><td class=\"has-text-align-left\" data-align=\"left\">610<\/td><td class=\"has-text-align-left\" data-align=\"left\">+56,8%<\/td><td class=\"has-text-align-left\" data-align=\"left\">6.737<\/td><td class=\"has-text-align-left\" data-align=\"left\">+89,9%<\/td><\/tr><tr><td class=\"has-text-align-left\" data-align=\"left\"><strong>TOTAL<\/strong><\/td><td class=\"has-text-align-left\" data-align=\"left\"><strong>10.241<\/strong><\/td><td class=\"has-text-align-left\" data-align=\"left\"><strong>+23,2%<\/strong><\/td><td class=\"has-text-align-left\" data-align=\"left\"><strong>107.716<\/strong><\/td><td class=\"has-text-align-left\" data-align=\"left\"><strong>+34,9%<\/strong><\/td><\/tr><\/tbody><\/table><\/figure>\n\n\n\n<p>Fuente: AEDIVE-GANVAM<\/p>\n\n\n\n<p>A la vista de los datos, AEDIVE y GANVAM ponen de manifiesto c\u00f3mo los veh\u00edculos electrificados se consolidan como uno de los principales vectores de crecimiento de las matriculaciones.&nbsp;<strong>De hecho, el 28% de los turismos matriculados en agosto fue un modelo con enchufe.&nbsp;<\/strong><\/p>\n\n\n\n<p>A este ritmo, las matriculaciones de veh\u00edculos electrificados (100% el\u00e9ctricos + h\u00edbridos enchufables) de todo tipo (turismos, dos ruedas, comerciales e industriales) podr\u00edan superar las 300.000 unidades a cierre de 2026, lo que supondr\u00e1 una subida cercana al 18%.<\/p>\n\n\n\n<p>Fuente de Informaci\u00f3n:<strong><em><a href=\"https:\/\/ganvam.es\" data-type=\"link\" data-id=\"https:\/\/ganvam.es\"> GANVAM<\/a><\/em><\/strong><\/p>\n\n\n\n<p>Fotograf\u00eda: <strong><em><a href=\"https:\/\/ganvam.es\" data-type=\"link\" data-id=\"https:\/\/ganvam.es\">GANVAM <\/a><\/em><\/strong><\/p>\n\n\n\n<hr class=\"wp-block-separator has-alpha-channel-opacity\"\/>\n\n\n<ul class=\"wp-block-latest-posts__list is-grid columns-2 has-dates has-author wp-block-latest-posts\"><li><div class=\"wp-block-latest-posts__featured-image\"><img decoding=\"async\" width=\"150\" height=\"84\" src=\"https:\/\/www.setram.com\/wp-content\/uploads\/2026\/09\/\u00bfCual-es-el-precio-medio-de-un-electrico-de-ocasion.png\" class=\"attachment-thumbnail size-thumbnail wp-post-image\" alt=\"\" style=\"\" \/><\/div><a class=\"wp-block-latest-posts__post-title\" href=\"https:\/\/www.setram.com\/en\/las-matriculaciones-de-vehiculos-electrificados-suben-un-28-en-agosto\/\">Las matriculaciones de veh\u00edculos electrificados suben un 28% en agosto<\/a><div class=\"wp-block-latest-posts__post-author\">by SETRAM L\u00edder en Log\u00edstica de Automoci\u00f3n en Europa<\/div><time datetime=\"2026-09-02T11:04:43+02:00\" class=\"wp-block-latest-posts__post-date\">2 de September de 2026<\/time><\/li>\n<li><div class=\"wp-block-latest-posts__featured-image\"><img decoding=\"async\" width=\"150\" height=\"86\" src=\"https:\/\/www.setram.com\/wp-content\/uploads\/2025\/06\/image-84735838.jpg\" class=\"attachment-thumbnail size-thumbnail wp-post-image\" alt=\"\" style=\"\" \/><\/div><a class=\"wp-block-latest-posts__post-title\" href=\"https:\/\/www.setram.com\/en\/seis-de-cada-diez-coches-de-segunda-mano-superan-los-15-anos-de-antiguedad\/\">Seis de cada diez coches de segunda mano superan los 15 a\u00f1os de antig\u00fcedad<\/a><div class=\"wp-block-latest-posts__post-author\">by SETRAM L\u00edder en Log\u00edstica de Automoci\u00f3n en Europa<\/div><time datetime=\"2026-08-31T09:59:31+02:00\" class=\"wp-block-latest-posts__post-date\">31 de August de 2026<\/time><\/li>\n<li><div class=\"wp-block-latest-posts__featured-image\"><img decoding=\"async\" width=\"150\" height=\"100\" src=\"https:\/\/www.setram.com\/wp-content\/uploads\/2026\/08\/yarisyyariscross-plantatoyotavalenciennes-Blog-SETRAM.jpg\" class=\"attachment-thumbnail size-thumbnail wp-post-image\" alt=\"\" style=\"\" \/><\/div><a class=\"wp-block-latest-posts__post-title\" href=\"https:\/\/www.setram.com\/en\/la-planta-de-valenciennes-centro-de-produccion-de-toyota-yaris-y-yaris-cross\/\">La planta de Valenciennes: centro de producci\u00f3n de Toyota Yaris y Yaris Cross<\/a><div class=\"wp-block-latest-posts__post-author\">by SETRAM L\u00edder en Log\u00edstica de Automoci\u00f3n en Europa<\/div><time datetime=\"2026-08-13T10:23:31+02:00\" class=\"wp-block-latest-posts__post-date\">13 de August de 2026<\/time><\/li>\n<li><div class=\"wp-block-latest-posts__featured-image\"><img loading=\"lazy\" decoding=\"async\" width=\"150\" height=\"84\" src=\"https:\/\/www.setram.com\/wp-content\/uploads\/2026\/08\/Fabrica-Renault-en-Espana-Blog-SETRAM.jpg\" class=\"attachment-thumbnail size-thumbnail wp-post-image\" alt=\"\" style=\"\" \/><\/div><a class=\"wp-block-latest-posts__post-title\" href=\"https:\/\/www.setram.com\/en\/grupo-renault-gana-88-millones-de-euros-en-espana-en-2025-tras-facturar-un-89-mas\/\">Grupo Renault gana 88 millones de euros en Espa\u00f1a en 2025, tras facturar un 8,9% m\u00e1s<\/a><div class=\"wp-block-latest-posts__post-author\">by SETRAM L\u00edder en Log\u00edstica de Automoci\u00f3n en Europa<\/div><time datetime=\"2026-08-12T10:42:31+02:00\" class=\"wp-block-latest-posts__post-date\">12 de August de 2026<\/time><\/li>\n<li><div class=\"wp-block-latest-posts__featured-image\"><img loading=\"lazy\" decoding=\"async\" width=\"150\" height=\"136\" src=\"https:\/\/www.setram.com\/wp-content\/uploads\/2025\/06\/image_887485834.jpg\" class=\"attachment-thumbnail size-thumbnail wp-post-image\" alt=\"\" style=\"\" \/><\/div><a class=\"wp-block-latest-posts__post-title\" href=\"https:\/\/www.setram.com\/en\/ranking-mundial-ventas-de-coches-liderazgo-de-toyota-y-saic-en-el-top-6\/\">Ranking mundial ventas de coches: Liderazgo de Toyota y SAIC en el top 6<\/a><div class=\"wp-block-latest-posts__post-author\">by SETRAM L\u00edder en Log\u00edstica de Automoci\u00f3n en Europa<\/div><time datetime=\"2026-08-10T10:33:43+02:00\" class=\"wp-block-latest-posts__post-date\">10 de August de 2026<\/time><\/li>\n<li><div class=\"wp-block-latest-posts__featured-image\"><img loading=\"lazy\" decoding=\"async\" width=\"150\" height=\"82\" src=\"https:\/\/www.setram.com\/wp-content\/uploads\/2026\/08\/Las-matriculaciones-en-renting-crecen-casi-un-11-hasta-julio-2026-Blog-SETRAM.png\" class=\"attachment-thumbnail size-thumbnail wp-post-image\" alt=\"\" style=\"\" \/><\/div><a class=\"wp-block-latest-posts__post-title\" href=\"https:\/\/www.setram.com\/en\/las-matriculaciones-en-renting-crecen-un-10-hasta-julio-2026\/\">Las matriculaciones en renting crecen un 10% hasta julio 2026<\/a><div class=\"wp-block-latest-posts__post-author\">by SETRAM L\u00edder en Log\u00edstica de Automoci\u00f3n en Europa<\/div><time datetime=\"2026-08-06T10:25:41+02:00\" class=\"wp-block-latest-posts__post-date\">6 de August de 2026<\/time><\/li>\n<\/ul>","protected":false},"excerpt":{"rendered":"<p>Barcelona, 2 de setiembre de 2026.- Las matriculaciones de veh\u00edculos electrificados (100% el\u00e9ctricos + h\u00edbridos enchufables) de todo tipo (turismos, dos ruedas, comerciales e industriales) registraron un ascenso del 28% en agosto, hasta alcanzar las 21.292 unidades, seg\u00fan datos de la Asociaci\u00f3n Empresarial para el Desarrollo e Impulso de la Movilidad El\u00e9ctrica (AEDIVE) y la [&hellip;]<\/p>\n","protected":false},"author":5,"featured_media":12005,"comment_status":"open","ping_status":"open","sticky":false,"template":"","format":"standard","meta":{"_acf_changed":false,"footnotes":""},"categories":[9100],"tags":[3826,32,7881,9043,9103,238,3832,72,9104],"class_list":["post-12004","post","type-post","status-publish","format-standard","has-post-thumbnail","hentry","category-matriculaciones-vehiculos-electrificados-agosto-2026","tag-aedive","tag-blog-setram","tag-coches-electrificados","tag-enchufables","tag-fuentes-informacion","tag-ganvam","tag-hibridos-enchufables","tag-matriculaciones","tag-vehiculos-electricos-puros"],"acf":[],"yoast_head":"<!-- This site is optimized with the Yoast SEO plugin v28.3 - https:\/\/yoast.com\/product\/yoast-seo-wordpress\/ -->\n<title>Las matriculaciones de veh\u00edculos electrificados suben un 28% en agosto - Log\u00edstica Automoci\u00f3n &amp; Campas Veh\u00edculos | SETRAM<\/title>\n<meta name=\"description\" content=\"Las matriculaciones de veh\u00edculos electrificados (100% el\u00e9ctricos + h\u00edbridos enchufables) de todo tipo (turismos, dos ruedas, comerciales e industriales) registraron un ascenso del 28% en agosto, hasta alcanzar las 21.292 unidades, seg\u00fan datos de la Asociaci\u00f3n Empresarial para el Desarrollo e Impulso de la Movilidad El\u00e9ctrica (AEDIVE) y la Asociaci\u00f3n Nacional de Vendedores de Veh\u00edculos (GANVAM). En lo que va de a\u00f1o, acumulan una subida del 33,6%, con un total de 208.611 unidades.\" \/>\n<meta name=\"robots\" content=\"index, follow, max-snippet:-1, max-image-preview:large, max-video-preview:-1\" \/>\n<link rel=\"canonical\" href=\"https:\/\/www.setram.com\/en\/las-matriculaciones-de-vehiculos-electrificados-suben-un-28-en-agosto\/\" \/>\n<meta property=\"og:locale\" content=\"en_US\" \/>\n<meta property=\"og:type\" content=\"article\" \/>\n<meta property=\"og:title\" content=\"Las matriculaciones de veh\u00edculos electrificados suben un 28% en agosto - Log\u00edstica Automoci\u00f3n &amp; Campas Veh\u00edculos | SETRAM\" \/>\n<meta property=\"og:description\" content=\"Las matriculaciones de veh\u00edculos electrificados (100% el\u00e9ctricos + h\u00edbridos enchufables) de todo tipo (turismos, dos ruedas, comerciales e industriales) registraron un ascenso del 28% en agosto, hasta alcanzar las 21.292 unidades, seg\u00fan datos de la Asociaci\u00f3n Empresarial para el Desarrollo e Impulso de la Movilidad El\u00e9ctrica (AEDIVE) y la Asociaci\u00f3n Nacional de Vendedores de Veh\u00edculos (GANVAM). En lo que va de a\u00f1o, acumulan una subida del 33,6%, con un total de 208.611 unidades.\" \/>\n<meta property=\"og:url\" content=\"https:\/\/www.setram.com\/en\/las-matriculaciones-de-vehiculos-electrificados-suben-un-28-en-agosto\/\" \/>\n<meta property=\"og:site_name\" content=\"Log\u00edstica Automoci\u00f3n &amp; Campas Veh\u00edculos | SETRAM\" \/>\n<meta property=\"article:published_time\" content=\"2026-09-02T09:04:43+00:00\" \/>\n<meta property=\"article:modified_time\" content=\"2026-09-02T09:04:48+00:00\" \/>\n<meta property=\"og:image\" content=\"https:\/\/www.setram.com\/wp-content\/uploads\/2026\/09\/\u00bfCual-es-el-precio-medio-de-un-electrico-de-ocasion.png\" \/>\n\t<meta property=\"og:image:width\" content=\"1920\" \/>\n\t<meta property=\"og:image:height\" content=\"1080\" \/>\n\t<meta property=\"og:image:type\" content=\"image\/png\" \/>\n<meta name=\"author\" content=\"SETRAM L\u00edder en Log\u00edstica de Automoci\u00f3n en Europa\" \/>\n<meta name=\"twitter:card\" content=\"summary_large_image\" \/>\n<meta name=\"twitter:creator\" content=\"@_setram\" \/>\n<meta name=\"twitter:site\" content=\"@_setram\" \/>\n<meta name=\"twitter:label1\" content=\"Written by\" \/>\n\t<meta name=\"twitter:data1\" content=\"SETRAM L\u00edder en Log\u00edstica de Automoci\u00f3n en Europa\" \/>\n\t<meta name=\"twitter:label2\" content=\"Est. reading time\" \/>\n\t<meta name=\"twitter:data2\" content=\"4 minutes\" \/>\n<script type=\"application\/ld+json\" class=\"yoast-schema-graph\">{\"@context\":\"https:\\\/\\\/schema.org\",\"@graph\":[{\"@type\":\"Article\",\"@id\":\"https:\\\/\\\/www.setram.com\\\/en\\\/las-matriculaciones-de-vehiculos-electrificados-suben-un-28-en-agosto\\\/#article\",\"isPartOf\":{\"@id\":\"https:\\\/\\\/www.setram.com\\\/en\\\/las-matriculaciones-de-vehiculos-electrificados-suben-un-28-en-agosto\\\/\"},\"author\":{\"name\":\"SETRAM L\u00edder en Log\u00edstica de Automoci\u00f3n en Europa\",\"@id\":\"https:\\\/\\\/www.setram.com\\\/en\\\/#\\\/schema\\\/person\\\/a5183775ce67dd23659a88233b83cd4d\"},\"headline\":\"Las matriculaciones de veh\u00edculos electrificados suben un 28% en agosto\",\"datePublished\":\"2026-09-02T09:04:43+00:00\",\"dateModified\":\"2026-09-02T09:04:48+00:00\",\"mainEntityOfPage\":{\"@id\":\"https:\\\/\\\/www.setram.com\\\/en\\\/las-matriculaciones-de-vehiculos-electrificados-suben-un-28-en-agosto\\\/\"},\"wordCount\":603,\"commentCount\":0,\"publisher\":{\"@id\":\"https:\\\/\\\/www.setram.com\\\/en\\\/#organization\"},\"image\":{\"@id\":\"https:\\\/\\\/www.setram.com\\\/en\\\/las-matriculaciones-de-vehiculos-electrificados-suben-un-28-en-agosto\\\/#primaryimage\"},\"thumbnailUrl\":\"https:\\\/\\\/www.setram.com\\\/wp-content\\\/uploads\\\/2026\\\/09\\\/\u00bfCual-es-el-precio-medio-de-un-electrico-de-ocasion.png\",\"keywords\":[\"AEDIVE\",\"blog setram\",\"coches electrificados\",\"enchufables\",\"fuentes informaci\u00f3n\",\"GANVAM\",\"H\u00edbridos enchufables\",\"matriculaciones\",\"veh\u00edculos el\u00e9ctricos puros\"],\"articleSection\":[\"Matriculaciones veh\u00edculos electrificados agosto 2026\"],\"inLanguage\":\"en-US\",\"potentialAction\":[{\"@type\":\"CommentAction\",\"name\":\"Comment\",\"target\":[\"https:\\\/\\\/www.setram.com\\\/en\\\/las-matriculaciones-de-vehiculos-electrificados-suben-un-28-en-agosto\\\/#respond\"]}]},{\"@type\":\"WebPage\",\"@id\":\"https:\\\/\\\/www.setram.com\\\/en\\\/las-matriculaciones-de-vehiculos-electrificados-suben-un-28-en-agosto\\\/\",\"url\":\"https:\\\/\\\/www.setram.com\\\/en\\\/las-matriculaciones-de-vehiculos-electrificados-suben-un-28-en-agosto\\\/\",\"name\":\"Las matriculaciones de veh\u00edculos electrificados suben un 28% en agosto - Log\u00edstica Automoci\u00f3n &amp; Campas Veh\u00edculos | SETRAM\",\"isPartOf\":{\"@id\":\"https:\\\/\\\/www.setram.com\\\/en\\\/#website\"},\"primaryImageOfPage\":{\"@id\":\"https:\\\/\\\/www.setram.com\\\/en\\\/las-matriculaciones-de-vehiculos-electrificados-suben-un-28-en-agosto\\\/#primaryimage\"},\"image\":{\"@id\":\"https:\\\/\\\/www.setram.com\\\/en\\\/las-matriculaciones-de-vehiculos-electrificados-suben-un-28-en-agosto\\\/#primaryimage\"},\"thumbnailUrl\":\"https:\\\/\\\/www.setram.com\\\/wp-content\\\/uploads\\\/2026\\\/09\\\/\u00bfCual-es-el-precio-medio-de-un-electrico-de-ocasion.png\",\"datePublished\":\"2026-09-02T09:04:43+00:00\",\"dateModified\":\"2026-09-02T09:04:48+00:00\",\"description\":\"Las matriculaciones de veh\u00edculos electrificados (100% el\u00e9ctricos + h\u00edbridos enchufables) de todo tipo (turismos, dos ruedas, comerciales e industriales) registraron un ascenso del 28% en agosto, hasta alcanzar las 21.292 unidades, seg\u00fan datos de la Asociaci\u00f3n Empresarial para el Desarrollo e Impulso de la Movilidad El\u00e9ctrica (AEDIVE) y la Asociaci\u00f3n Nacional de Vendedores de Veh\u00edculos (GANVAM). En lo que va de a\u00f1o, acumulan una subida del 33,6%, con un total de 208.611 unidades.\",\"breadcrumb\":{\"@id\":\"https:\\\/\\\/www.setram.com\\\/en\\\/las-matriculaciones-de-vehiculos-electrificados-suben-un-28-en-agosto\\\/#breadcrumb\"},\"inLanguage\":\"en-US\",\"potentialAction\":[{\"@type\":\"ReadAction\",\"target\":[\"https:\\\/\\\/www.setram.com\\\/en\\\/las-matriculaciones-de-vehiculos-electrificados-suben-un-28-en-agosto\\\/\"]}]},{\"@type\":\"ImageObject\",\"inLanguage\":\"en-US\",\"@id\":\"https:\\\/\\\/www.setram.com\\\/en\\\/las-matriculaciones-de-vehiculos-electrificados-suben-un-28-en-agosto\\\/#primaryimage\",\"url\":\"https:\\\/\\\/www.setram.com\\\/wp-content\\\/uploads\\\/2026\\\/09\\\/\u00bfCual-es-el-precio-medio-de-un-electrico-de-ocasion.png\",\"contentUrl\":\"https:\\\/\\\/www.setram.com\\\/wp-content\\\/uploads\\\/2026\\\/09\\\/\u00bfCual-es-el-precio-medio-de-un-electrico-de-ocasion.png\",\"width\":1920,\"height\":1080},{\"@type\":\"BreadcrumbList\",\"@id\":\"https:\\\/\\\/www.setram.com\\\/en\\\/las-matriculaciones-de-vehiculos-electrificados-suben-un-28-en-agosto\\\/#breadcrumb\",\"itemListElement\":[{\"@type\":\"ListItem\",\"position\":1,\"name\":\"Portada\",\"item\":\"https:\\\/\\\/www.setram.com\\\/en\\\/\"},{\"@type\":\"ListItem\",\"position\":2,\"name\":\"Las matriculaciones de veh\u00edculos electrificados suben un 28% en agosto\"}]},{\"@type\":\"WebSite\",\"@id\":\"https:\\\/\\\/www.setram.com\\\/en\\\/#website\",\"url\":\"https:\\\/\\\/www.setram.com\\\/en\\\/\",\"name\":\"Log\u00edstica Automoci\u00f3n & Campas Veh\u00edculos | SETRAM\",\"description\":\"Operador Multimodal especializado en Log\u00edstica de Automoci\u00f3n con certificado Ambiental ISO. Comprometidos con el medio ambiente gracias a su gesti\u00f3n energ\u00e9tica.\",\"publisher\":{\"@id\":\"https:\\\/\\\/www.setram.com\\\/en\\\/#organization\"},\"potentialAction\":[{\"@type\":\"SearchAction\",\"target\":{\"@type\":\"EntryPoint\",\"urlTemplate\":\"https:\\\/\\\/www.setram.com\\\/en\\\/?s={search_term_string}\"},\"query-input\":{\"@type\":\"PropertyValueSpecification\",\"valueRequired\":true,\"valueName\":\"search_term_string\"}}],\"inLanguage\":\"en-US\"},{\"@type\":\"Organization\",\"@id\":\"https:\\\/\\\/www.setram.com\\\/en\\\/#organization\",\"name\":\"Log\u00edstica Automoci\u00f3n & Campas Veh\u00edculos | SETRAM\",\"url\":\"https:\\\/\\\/www.setram.com\\\/en\\\/\",\"logo\":{\"@type\":\"ImageObject\",\"inLanguage\":\"en-US\",\"@id\":\"https:\\\/\\\/www.setram.com\\\/en\\\/#\\\/schema\\\/logo\\\/image\\\/\",\"url\":\"https:\\\/\\\/www.setram.com\\\/wp-content\\\/uploads\\\/2025\\\/05\\\/logo-setram.jpg\",\"contentUrl\":\"https:\\\/\\\/www.setram.com\\\/wp-content\\\/uploads\\\/2025\\\/05\\\/logo-setram.jpg\",\"width\":484,\"height\":107,\"caption\":\"Log\u00edstica Automoci\u00f3n & Campas Veh\u00edculos | SETRAM\"},\"image\":{\"@id\":\"https:\\\/\\\/www.setram.com\\\/en\\\/#\\\/schema\\\/logo\\\/image\\\/\"},\"sameAs\":[\"https:\\\/\\\/x.com\\\/_setram\",\"https:\\\/\\\/www.linkedin.com\\\/company\\\/setram-s-a-\",\"https:\\\/\\\/www.youtube.com\\\/channel\\\/UC5j125Vd5dvi3ZCfMXBgNzg\"]},{\"@type\":\"Person\",\"@id\":\"https:\\\/\\\/www.setram.com\\\/en\\\/#\\\/schema\\\/person\\\/a5183775ce67dd23659a88233b83cd4d\",\"name\":\"SETRAM L\u00edder en Log\u00edstica de Automoci\u00f3n en Europa\",\"image\":{\"@type\":\"ImageObject\",\"inLanguage\":\"en-US\",\"@id\":\"https:\\\/\\\/www.setram.com\\\/wp-content\\\/uploads\\\/2025\\\/05\\\/favicon-setram.png\",\"url\":\"https:\\\/\\\/www.setram.com\\\/wp-content\\\/uploads\\\/2025\\\/05\\\/favicon-setram.png\",\"contentUrl\":\"https:\\\/\\\/www.setram.com\\\/wp-content\\\/uploads\\\/2025\\\/05\\\/favicon-setram.png\",\"caption\":\"SETRAM L\u00edder en Log\u00edstica de Automoci\u00f3n en Europa\"},\"sameAs\":[\"https:\\\/\\\/es.linkedin.com\\\/company\\\/setram-s-a-\"],\"url\":\"https:\\\/\\\/www.setram.com\\\/en\\\/author\\\/setram\\\/\"}]}<\/script>\n<!-- \/ Yoast SEO plugin. -->","yoast_head_json":{"title":"Las matriculaciones de veh\u00edculos electrificados suben un 28% en agosto - Log\u00edstica Automoci\u00f3n &amp; Campas Veh\u00edculos | SETRAM","description":"Las matriculaciones de veh\u00edculos electrificados (100% el\u00e9ctricos + h\u00edbridos enchufables) de todo tipo (turismos, dos ruedas, comerciales e industriales) registraron un ascenso del 28% en agosto, hasta alcanzar las 21.292 unidades, seg\u00fan datos de la Asociaci\u00f3n Empresarial para el Desarrollo e Impulso de la Movilidad El\u00e9ctrica (AEDIVE) y la Asociaci\u00f3n Nacional de Vendedores de Veh\u00edculos (GANVAM). En lo que va de a\u00f1o, acumulan una subida del 33,6%, con un total de 208.611 unidades.","robots":{"index":"index","follow":"follow","max-snippet":"max-snippet:-1","max-image-preview":"max-image-preview:large","max-video-preview":"max-video-preview:-1"},"canonical":"https:\/\/www.setram.com\/en\/las-matriculaciones-de-vehiculos-electrificados-suben-un-28-en-agosto\/","og_locale":"en_US","og_type":"article","og_title":"Las matriculaciones de veh\u00edculos electrificados suben un 28% en agosto - Log\u00edstica Automoci\u00f3n &amp; Campas Veh\u00edculos | SETRAM","og_description":"Las matriculaciones de veh\u00edculos electrificados (100% el\u00e9ctricos + h\u00edbridos enchufables) de todo tipo (turismos, dos ruedas, comerciales e industriales) registraron un ascenso del 28% en agosto, hasta alcanzar las 21.292 unidades, seg\u00fan datos de la Asociaci\u00f3n Empresarial para el Desarrollo e Impulso de la Movilidad El\u00e9ctrica (AEDIVE) y la Asociaci\u00f3n Nacional de Vendedores de Veh\u00edculos (GANVAM). En lo que va de a\u00f1o, acumulan una subida del 33,6%, con un total de 208.611 unidades.","og_url":"https:\/\/www.setram.com\/en\/las-matriculaciones-de-vehiculos-electrificados-suben-un-28-en-agosto\/","og_site_name":"Log\u00edstica Automoci\u00f3n &amp; Campas Veh\u00edculos | SETRAM","article_published_time":"2026-09-02T09:04:43+00:00","article_modified_time":"2026-09-02T09:04:48+00:00","og_image":[{"width":1920,"height":1080,"url":"https:\/\/www.setram.com\/wp-content\/uploads\/2026\/09\/\u00bfCual-es-el-precio-medio-de-un-electrico-de-ocasion.png","type":"image\/png"}],"author":"SETRAM L\u00edder en Log\u00edstica de Automoci\u00f3n en Europa","twitter_card":"summary_large_image","twitter_creator":"@_setram","twitter_site":"@_setram","twitter_misc":{"Written by":"SETRAM L\u00edder en Log\u00edstica de Automoci\u00f3n en Europa","Est. reading time":"4 minutes"},"schema":{"@context":"https:\/\/schema.org","@graph":[{"@type":"Article","@id":"https:\/\/www.setram.com\/en\/las-matriculaciones-de-vehiculos-electrificados-suben-un-28-en-agosto\/#article","isPartOf":{"@id":"https:\/\/www.setram.com\/en\/las-matriculaciones-de-vehiculos-electrificados-suben-un-28-en-agosto\/"},"author":{"name":"SETRAM L\u00edder en Log\u00edstica de Automoci\u00f3n en Europa","@id":"https:\/\/www.setram.com\/en\/#\/schema\/person\/a5183775ce67dd23659a88233b83cd4d"},"headline":"Las matriculaciones de veh\u00edculos electrificados suben un 28% en agosto","datePublished":"2026-09-02T09:04:43+00:00","dateModified":"2026-09-02T09:04:48+00:00","mainEntityOfPage":{"@id":"https:\/\/www.setram.com\/en\/las-matriculaciones-de-vehiculos-electrificados-suben-un-28-en-agosto\/"},"wordCount":603,"commentCount":0,"publisher":{"@id":"https:\/\/www.setram.com\/en\/#organization"},"image":{"@id":"https:\/\/www.setram.com\/en\/las-matriculaciones-de-vehiculos-electrificados-suben-un-28-en-agosto\/#primaryimage"},"thumbnailUrl":"https:\/\/www.setram.com\/wp-content\/uploads\/2026\/09\/\u00bfCual-es-el-precio-medio-de-un-electrico-de-ocasion.png","keywords":["AEDIVE","blog setram","coches electrificados","enchufables","fuentes informaci\u00f3n","GANVAM","H\u00edbridos enchufables","matriculaciones","veh\u00edculos el\u00e9ctricos puros"],"articleSection":["Matriculaciones veh\u00edculos electrificados agosto 2026"],"inLanguage":"en-US","potentialAction":[{"@type":"CommentAction","name":"Comment","target":["https:\/\/www.setram.com\/en\/las-matriculaciones-de-vehiculos-electrificados-suben-un-28-en-agosto\/#respond"]}]},{"@type":"WebPage","@id":"https:\/\/www.setram.com\/en\/las-matriculaciones-de-vehiculos-electrificados-suben-un-28-en-agosto\/","url":"https:\/\/www.setram.com\/en\/las-matriculaciones-de-vehiculos-electrificados-suben-un-28-en-agosto\/","name":"Las matriculaciones de veh\u00edculos electrificados suben un 28% en agosto - Log\u00edstica Automoci\u00f3n &amp; Campas Veh\u00edculos | SETRAM","isPartOf":{"@id":"https:\/\/www.setram.com\/en\/#website"},"primaryImageOfPage":{"@id":"https:\/\/www.setram.com\/en\/las-matriculaciones-de-vehiculos-electrificados-suben-un-28-en-agosto\/#primaryimage"},"image":{"@id":"https:\/\/www.setram.com\/en\/las-matriculaciones-de-vehiculos-electrificados-suben-un-28-en-agosto\/#primaryimage"},"thumbnailUrl":"https:\/\/www.setram.com\/wp-content\/uploads\/2026\/09\/\u00bfCual-es-el-precio-medio-de-un-electrico-de-ocasion.png","datePublished":"2026-09-02T09:04:43+00:00","dateModified":"2026-09-02T09:04:48+00:00","description":"Las matriculaciones de veh\u00edculos electrificados (100% el\u00e9ctricos + h\u00edbridos enchufables) de todo tipo (turismos, dos ruedas, comerciales e industriales) registraron un ascenso del 28% en agosto, hasta alcanzar las 21.292 unidades, seg\u00fan datos de la Asociaci\u00f3n Empresarial para el Desarrollo e Impulso de la Movilidad El\u00e9ctrica (AEDIVE) y la Asociaci\u00f3n Nacional de Vendedores de Veh\u00edculos (GANVAM). En lo que va de a\u00f1o, acumulan una subida del 33,6%, con un total de 208.611 unidades.","breadcrumb":{"@id":"https:\/\/www.setram.com\/en\/las-matriculaciones-de-vehiculos-electrificados-suben-un-28-en-agosto\/#breadcrumb"},"inLanguage":"en-US","potentialAction":[{"@type":"ReadAction","target":["https:\/\/www.setram.com\/en\/las-matriculaciones-de-vehiculos-electrificados-suben-un-28-en-agosto\/"]}]},{"@type":"ImageObject","inLanguage":"en-US","@id":"https:\/\/www.setram.com\/en\/las-matriculaciones-de-vehiculos-electrificados-suben-un-28-en-agosto\/#primaryimage","url":"https:\/\/www.setram.com\/wp-content\/uploads\/2026\/09\/\u00bfCual-es-el-precio-medio-de-un-electrico-de-ocasion.png","contentUrl":"https:\/\/www.setram.com\/wp-content\/uploads\/2026\/09\/\u00bfCual-es-el-precio-medio-de-un-electrico-de-ocasion.png","width":1920,"height":1080},{"@type":"BreadcrumbList","@id":"https:\/\/www.setram.com\/en\/las-matriculaciones-de-vehiculos-electrificados-suben-un-28-en-agosto\/#breadcrumb","itemListElement":[{"@type":"ListItem","position":1,"name":"Portada","item":"https:\/\/www.setram.com\/en\/"},{"@type":"ListItem","position":2,"name":"Las matriculaciones de veh\u00edculos electrificados suben un 28% en agosto"}]},{"@type":"WebSite","@id":"https:\/\/www.setram.com\/en\/#website","url":"https:\/\/www.setram.com\/en\/","name":"Log\u00edstica Automoci\u00f3n & Campas Veh\u00edculos | SETRAM","description":"Operador Multimodal especializado en Log\u00edstica de Automoci\u00f3n con certificado Ambiental ISO. Comprometidos con el medio ambiente gracias a su gesti\u00f3n energ\u00e9tica.","publisher":{"@id":"https:\/\/www.setram.com\/en\/#organization"},"potentialAction":[{"@type":"SearchAction","target":{"@type":"EntryPoint","urlTemplate":"https:\/\/www.setram.com\/en\/?s={search_term_string}"},"query-input":{"@type":"PropertyValueSpecification","valueRequired":true,"valueName":"search_term_string"}}],"inLanguage":"en-US"},{"@type":"Organization","@id":"https:\/\/www.setram.com\/en\/#organization","name":"Log\u00edstica Automoci\u00f3n & Campas Veh\u00edculos | SETRAM","url":"https:\/\/www.setram.com\/en\/","logo":{"@type":"ImageObject","inLanguage":"en-US","@id":"https:\/\/www.setram.com\/en\/#\/schema\/logo\/image\/","url":"https:\/\/www.setram.com\/wp-content\/uploads\/2025\/05\/logo-setram.jpg","contentUrl":"https:\/\/www.setram.com\/wp-content\/uploads\/2025\/05\/logo-setram.jpg","width":484,"height":107,"caption":"Log\u00edstica Automoci\u00f3n & Campas Veh\u00edculos | SETRAM"},"image":{"@id":"https:\/\/www.setram.com\/en\/#\/schema\/logo\/image\/"},"sameAs":["https:\/\/x.com\/_setram","https:\/\/www.linkedin.com\/company\/setram-s-a-","https:\/\/www.youtube.com\/channel\/UC5j125Vd5dvi3ZCfMXBgNzg"]},{"@type":"Person","@id":"https:\/\/www.setram.com\/en\/#\/schema\/person\/a5183775ce67dd23659a88233b83cd4d","name":"SETRAM L\u00edder en Log\u00edstica de Automoci\u00f3n en Europa","image":{"@type":"ImageObject","inLanguage":"en-US","@id":"https:\/\/www.setram.com\/wp-content\/uploads\/2025\/05\/favicon-setram.png","url":"https:\/\/www.setram.com\/wp-content\/uploads\/2025\/05\/favicon-setram.png","contentUrl":"https:\/\/www.setram.com\/wp-content\/uploads\/2025\/05\/favicon-setram.png","caption":"SETRAM L\u00edder en Log\u00edstica de Automoci\u00f3n en Europa"},"sameAs":["https:\/\/es.linkedin.com\/company\/setram-s-a-"],"url":"https:\/\/www.setram.com\/en\/author\/setram\/"}]}},"_links":{"self":[{"href":"https:\/\/www.setram.com\/en\/wp-json\/wp\/v2\/posts\/12004","targetHints":{"allow":["GET"]}}],"collection":[{"href":"https:\/\/www.setram.com\/en\/wp-json\/wp\/v2\/posts"}],"about":[{"href":"https:\/\/www.setram.com\/en\/wp-json\/wp\/v2\/types\/post"}],"author":[{"embeddable":true,"href":"https:\/\/www.setram.com\/en\/wp-json\/wp\/v2\/users\/5"}],"replies":[{"embeddable":true,"href":"https:\/\/www.setram.com\/en\/wp-json\/wp\/v2\/comments?post=12004"}],"version-history":[{"count":1,"href":"https:\/\/www.setram.com\/en\/wp-json\/wp\/v2\/posts\/12004\/revisions"}],"predecessor-version":[{"id":12006,"href":"https:\/\/www.setram.com\/en\/wp-json\/wp\/v2\/posts\/12004\/revisions\/12006"}],"wp:featuredmedia":[{"embeddable":true,"href":"https:\/\/www.setram.com\/en\/wp-json\/wp\/v2\/media\/12005"}],"wp:attachment":[{"href":"https:\/\/www.setram.com\/en\/wp-json\/wp\/v2\/media?parent=12004"}],"wp:term":[{"taxonomy":"category","embeddable":true,"href":"https:\/\/www.setram.com\/en\/wp-json\/wp\/v2\/categories?post=12004"},{"taxonomy":"post_tag","embeddable":true,"href":"https:\/\/www.setram.com\/en\/wp-json\/wp\/v2\/tags?post=12004"}],"curies":[{"name":"wp","href":"https:\/\/api.w.org\/{rel}","templated":true}]}}